{"id":40,"date":"2017-08-14T14:32:45","date_gmt":"2017-08-14T17:32:45","guid":{"rendered":"http:\/\/bracketjeans.com.br\/blog\/?p=40"},"modified":"2017-09-08T18:26:33","modified_gmt":"2017-09-08T21:26:33","slug":"faca-a-propaganda-de-voce-mesmo","status":"publish","type":"post","link":"https:\/\/bracketjeans.com.br\/blog\/faca-a-propaganda-de-voce-mesmo\/","title":{"rendered":"Fa\u00e7a a propaganda de voc\u00ea mesmo"},"content":{"rendered":"<p class=\"western\"><span style=\"font-size: medium;\">J\u00e1 aconteceu de voc\u00ea oferecer os seus produtos para uma pessoa que te conhece h\u00e1 algum tempo e ela dizer que n\u00e3o sabia que voc\u00ea vendia roupas? Se sim, n\u00e3o se preocupe, isso \u00e9 comum para a maioria dos representantes, at\u00e9 porque n\u00e3o contamos com o que trabalhamos para todo mundo que conhecemos. Mas voc\u00ea deveria contar.<\/span><\/p>\n<p class=\"western\"><span style=\"font-size: medium;\">Se todos saberem o que voc\u00ea vende, voc\u00ea ter\u00e1 mais clientes. Por isso, a propaganda \u00e9 essencial para qualquer representante. Neste post, separamos algumas dicas sobre como usar as oportunidades de falar sobre o seu trabalho ao seu favor.<\/span><\/p>\n<ol>\n<li>\n<p class=\"western\"><span style=\"font-size: medium;\"><b>Todos precisam saber, mas com tato.<\/b><\/span><\/p>\n<\/li>\n<\/ol>\n<p class=\"western\"><span style=\"font-size: medium;\">N\u00e3o perca nenhuma oportunidade para contar sobre os seus produtos e o seu trabalho em eventos, reuni\u00f5es ou at\u00e9 quando reencontrar um velho amigo. Mas fale rapidamente, n\u00e3o monopolize a conversa.<\/span><\/p>\n<ol start=\"2\">\n<li>\n<p class=\"western\"><span style=\"font-size: medium;\"><b>Redes sociais s\u00e3o suas aliadas.<\/b><\/span><\/p>\n<\/li>\n<\/ol>\n<p class=\"western\"><span style=\"font-size: medium;\">As redes sociais s\u00e3o \u00f3timas para todos ficarem sabendo sobre o seu trabalho, mas sem atrapalhar ou ser um fardo para os seus poss\u00edveis clientes. Conte sobre os seus produtos, lan\u00e7amentos e novos formatos de neg\u00f3cio.<\/span><\/p>\n<ol start=\"3\">\n<li>\n<p class=\"western\"><span style=\"font-size: medium;\"><b>Mande e-mails.<\/b><\/span><\/p>\n<\/li>\n<\/ol>\n<p class=\"western\"><span style=\"font-size: medium;\">Mande um e-mail a cada 2 semanas para uma lista de clientes e poss\u00edveis clientes. \u00c9 importante que os e-mails contenham informa\u00e7\u00f5es relevantes sobre os produtos com um conte\u00fado que o cliente realmente quer ler.<\/span><\/p>\n","protected":false},"excerpt":{"rendered":"<p>J\u00e1 aconteceu de voc\u00ea oferecer os seus produtos para uma pessoa que te conhece h\u00e1 algum tempo e ela dizer que n\u00e3o sabia que voc\u00ea&#8230;<\/p>\n<div class=\"more-link-wrapper\"><a class=\"more-link\" href=\"https:\/\/bracketjeans.com.br\/blog\/faca-a-propaganda-de-voce-mesmo\/\">Continue Lendo<span class=\"screen-reader-text\">Fa\u00e7a a propaganda de voc\u00ea mesmo<\/span><\/a><\/div>\n","protected":false},"author":1,"featured_media":55,"comment_status":"open","ping_status":"open","sticky":false,"template":"","format":"standard","meta":{"_acf_changed":false,"footnotes":""},"categories":[4],"tags":[8,5,6,7],"class_list":["post-40","post","type-post","status-publish","format-standard","has-post-thumbnail","hentry","category-representantes","tag-mercado","tag-propaganda","tag-representante","tag-vendas","entry"],"acf":[],"_links":{"self":[{"href":"https:\/\/bracketjeans.com.br\/blog\/wp-json\/wp\/v2\/posts\/40","targetHints":{"allow":["GET"]}}],"collection":[{"href":"https:\/\/bracketjeans.com.br\/blog\/wp-json\/wp\/v2\/posts"}],"about":[{"href":"https:\/\/bracketjeans.com.br\/blog\/wp-json\/wp\/v2\/types\/post"}],"author":[{"embeddable":true,"href":"https:\/\/bracketjeans.com.br\/blog\/wp-json\/wp\/v2\/users\/1"}],"replies":[{"embeddable":true,"href":"https:\/\/bracketjeans.com.br\/blog\/wp-json\/wp\/v2\/comments?post=40"}],"version-history":[{"count":1,"href":"https:\/\/bracketjeans.com.br\/blog\/wp-json\/wp\/v2\/posts\/40\/revisions"}],"predecessor-version":[{"id":42,"href":"https:\/\/bracketjeans.com.br\/blog\/wp-json\/wp\/v2\/posts\/40\/revisions\/42"}],"wp:featuredmedia":[{"embeddable":true,"href":"https:\/\/bracketjeans.com.br\/blog\/wp-json\/wp\/v2\/media\/55"}],"wp:attachment":[{"href":"https:\/\/bracketjeans.com.br\/blog\/wp-json\/wp\/v2\/media?parent=40"}],"wp:term":[{"taxonomy":"category","embeddable":true,"href":"https:\/\/bracketjeans.com.br\/blog\/wp-json\/wp\/v2\/categories?post=40"},{"taxonomy":"post_tag","embeddable":true,"href":"https:\/\/bracketjeans.com.br\/blog\/wp-json\/wp\/v2\/tags?post=40"}],"curies":[{"name":"wp","href":"https:\/\/api.w.org\/{rel}","templated":true}]}}