{"id":399,"date":"2025-02-10T15:21:00","date_gmt":"2025-02-10T18:21:00","guid":{"rendered":"https:\/\/bracketjeans.com.br\/blog\/?p=399"},"modified":"2025-01-24T15:28:53","modified_gmt":"2025-01-24T18:28:53","slug":"curiosidades-sobre-o-uso-de-jeans-no-verao","status":"publish","type":"post","link":"https:\/\/bracketjeans.com.br\/blog\/curiosidades-sobre-o-uso-de-jeans-no-verao\/","title":{"rendered":"Curiosidades sobre o uso de Jeans no Ver\u00e3o!"},"content":{"rendered":"<p><span style=\"font-weight: 400;\">Voc\u00ea sabia que o jeans pode ser uma escolha estilosa e confort\u00e1vel mesmo durante o ver\u00e3o? Embora muitas pessoas associem o tecido ao inverno, quando escolhido corretamente, ele pode ser ideal para os dias mais quentes.<\/span><\/p>\n<p><span style=\"font-weight: 400;\">O segredo est\u00e1 no tipo de jeans! Modelos feitos com tecidos mais leves, como o jeans de algod\u00e3o misturado ou com trama mais fina, garantem melhor respirabilidade e conforto. O jeans com elastano tamb\u00e9m \u00e9 uma excelente op\u00e7\u00e3o, pois proporciona flexibilidade e liberdade de movimento, ideal para o dia a dia.<\/span><\/p>\n<p><span style=\"font-weight: 400;\">Outra curiosidade interessante \u00e9 que o jeans em tons mais claros, como azul-claro e branco, refletem melhor o calor, ao contr\u00e1rio das lavagens escuras que tendem a absorver mais calor. Isso faz do jeans claro uma escolha mais fresca para o ver\u00e3o.<\/span><\/p>\n<p><span style=\"font-weight: 400;\">Para complementar o look de ver\u00e3o com jeans, pe\u00e7as como shorts, saias e bermudas s\u00e3o escolhas certeiras. Elas oferecem estilo e conforto sem comprometer a mobilidade. E para equilibrar, o ideal \u00e9 combinar com camisetas de algod\u00e3o ou regatas, criando uma composi\u00e7\u00e3o leve e descontra\u00edda.<\/span><\/p>\n<p><span style=\"font-weight: 400;\">O jeans tamb\u00e9m tem uma vantagem especial: \u00e9 dur\u00e1vel e vers\u00e1til. Perfeito tanto para passeios casuais quanto para eventos mais arrumados, sempre adicionando um toque de modernidade.<\/span><\/p>\n<p><span style=\"font-weight: 400;\">A Bracket Jeans traz op\u00e7\u00f5es pensadas para o ver\u00e3o, unindo estilo, conforto e qualidade para voc\u00ea curtir a esta\u00e7\u00e3o mais quente do ano com muito charme. Experimente e descubra como o jeans pode ser seu aliado em todas as temporadas!<\/span><\/p>\n","protected":false},"excerpt":{"rendered":"<p>Voc\u00ea sabia que o jeans pode ser uma escolha estilosa e confort\u00e1vel mesmo durante o ver\u00e3o? Embora muitas pessoas associem o tecido ao inverno, quando&#8230;<\/p>\n<div class=\"more-link-wrapper\"><a class=\"more-link\" href=\"https:\/\/bracketjeans.com.br\/blog\/curiosidades-sobre-o-uso-de-jeans-no-verao\/\">Continue Lendo<span class=\"screen-reader-text\">Curiosidades sobre o uso de Jeans no Ver\u00e3o!<\/span><\/a><\/div>\n","protected":false},"author":2,"featured_media":400,"comment_status":"open","ping_status":"open","sticky":false,"template":"","format":"standard","meta":{"_acf_changed":false,"footnotes":""},"categories":[3],"tags":[],"class_list":["post-399","post","type-post","status-publish","format-standard","has-post-thumbnail","hentry","category-bracket","entry"],"acf":[],"_links":{"self":[{"href":"https:\/\/bracketjeans.com.br\/blog\/wp-json\/wp\/v2\/posts\/399","targetHints":{"allow":["GET"]}}],"collection":[{"href":"https:\/\/bracketjeans.com.br\/blog\/wp-json\/wp\/v2\/posts"}],"about":[{"href":"https:\/\/bracketjeans.com.br\/blog\/wp-json\/wp\/v2\/types\/post"}],"author":[{"embeddable":true,"href":"https:\/\/bracketjeans.com.br\/blog\/wp-json\/wp\/v2\/users\/2"}],"replies":[{"embeddable":true,"href":"https:\/\/bracketjeans.com.br\/blog\/wp-json\/wp\/v2\/comments?post=399"}],"version-history":[{"count":1,"href":"https:\/\/bracketjeans.com.br\/blog\/wp-json\/wp\/v2\/posts\/399\/revisions"}],"predecessor-version":[{"id":401,"href":"https:\/\/bracketjeans.com.br\/blog\/wp-json\/wp\/v2\/posts\/399\/revisions\/401"}],"wp:featuredmedia":[{"embeddable":true,"href":"https:\/\/bracketjeans.com.br\/blog\/wp-json\/wp\/v2\/media\/400"}],"wp:attachment":[{"href":"https:\/\/bracketjeans.com.br\/blog\/wp-json\/wp\/v2\/media?parent=399"}],"wp:term":[{"taxonomy":"category","embeddable":true,"href":"https:\/\/bracketjeans.com.br\/blog\/wp-json\/wp\/v2\/categories?post=399"},{"taxonomy":"post_tag","embeddable":true,"href":"https:\/\/bracketjeans.com.br\/blog\/wp-json\/wp\/v2\/tags?post=399"}],"curies":[{"name":"wp","href":"https:\/\/api.w.org\/{rel}","templated":true}]}}