{"id":224,"date":"2020-06-16T14:55:10","date_gmt":"2020-06-16T17:55:10","guid":{"rendered":"http:\/\/bracketjeans.com.br\/blog\/?p=224"},"modified":"2020-06-16T16:03:24","modified_gmt":"2020-06-16T19:03:24","slug":"comercio-da-moda-o-poder-de-se-reinventar","status":"publish","type":"post","link":"https:\/\/bracketjeans.com.br\/blog\/comercio-da-moda-o-poder-de-se-reinventar\/","title":{"rendered":"Com\u00e9rcio da moda: o poder de se reinventar"},"content":{"rendered":"<p><em><span style=\"font-weight: 400;\">Com a r\u00e1pida chegada da pandemia, comerciantes e lojistas se viram for\u00e7ados a reinventarem suas vendas.<\/span><\/em><\/p>\n<p><span style=\"font-weight: 400;\">Com a necessidade de aderir ao isolamento social, lojistas de moda de todo o Brasil foram obrigados a fechar suas portas. Mas, como as vendas n\u00e3o poderiam ficar paradas, cada comerciante colocou sua m\u00e1quina de ideias para funcionar e apresentou alternativas inovadoras para reinventar a forma de vender moda e conquistar a clientela.<\/span><\/p>\n<p><span style=\"font-weight: 400;\">Confira os principais m\u00e9todos de venda adotados pelos lojistas para combater a crise e reinventar o cen\u00e1rio atual:<\/span><\/p>\n<p><b>Redes sociais<\/b><\/p>\n<p><span style=\"font-weight: 400;\">O Instagram, principalmente, tem sido uma das plataformas com maior poder de expans\u00e3o.\u00a0<\/span><\/p>\n<p><span style=\"font-weight: 400;\">O segredo para atrair compradores \u00e9 manter os perfis sempre atualizados, como uma vitrine virtual, e oferecer um r\u00e1pido atendimento na resolu\u00e7\u00e3o de d\u00favidas.<\/span><\/p>\n<p><span style=\"font-weight: 400;\">Para se reinventar no mercado da moda e no Instagram, \u00e9 preciso criar conte\u00fado relevante, divulgar boas imagens e se manter sempre alerta em rela\u00e7\u00e3o a novidades e assuntos em alta.<\/span><\/p>\n<p><b>WhatsApp<\/b><\/p>\n<p><span style=\"font-weight: 400;\">O WhatsApp \u00e9 ideal para um atendimento personalizado. Com ele, \u00e9 poss\u00edvel tirar d\u00favidas do consumidor, oferecer novos produtos e tudo isso de maneira instant\u00e2nea.\u00a0<\/span><\/p>\n<p><span style=\"font-weight: 400;\">Quando o assunto \u00e9 reinventar, essa ferramenta \u00e9 um \u00f3timo exemplo. Adeus e-mails!<\/span><\/p>\n<p><b>B\u00f4nus para o consumidor<\/b><\/p>\n<p><span style=\"font-weight: 400;\">Agradar o consumidor por meio de cupons de desconto, brindes e mensagens carinhosas \u00e9 um grande diferencial na hora da venda. Seja o b\u00f4nus que for, trate o seu consumidor como algu\u00e9m especial!<\/span><\/p>\n<p>&nbsp;<\/p>\n<p><span style=\"font-weight: 400;\">E voc\u00ea? O que fez para se reinventar e mudar o mercado da moda em meio ao isolamento?<\/span><\/p>\n<p><span style=\"font-weight: 400;\">Apesar da pandemia ter chegado de forma t\u00e3o repentina e ter pego todos de surpresa, a ocasi\u00e3o nos mostrou que \u00e9 poss\u00edvel sim se adaptar \u00e0s adversidades.<\/span><\/p>\n<p><span style=\"font-weight: 400;\">Com criatividade, iniciativa e tecnologia n\u00f3s podemos ir al\u00e9m!<\/span><\/p>\n","protected":false},"excerpt":{"rendered":"<p>Com a r\u00e1pida chegada da pandemia, comerciantes e lojistas se viram for\u00e7ados a reinventarem suas vendas. Com a necessidade de aderir ao isolamento social, lojistas&#8230;<\/p>\n<div class=\"more-link-wrapper\"><a class=\"more-link\" href=\"https:\/\/bracketjeans.com.br\/blog\/comercio-da-moda-o-poder-de-se-reinventar\/\">Continue Lendo<span class=\"screen-reader-text\">Com\u00e9rcio da moda: o poder de se reinventar<\/span><\/a><\/div>\n","protected":false},"author":2,"featured_media":225,"comment_status":"open","ping_status":"open","sticky":false,"template":"","format":"standard","meta":{"_acf_changed":false,"footnotes":""},"categories":[3],"tags":[],"class_list":["post-224","post","type-post","status-publish","format-standard","has-post-thumbnail","hentry","category-bracket","entry"],"acf":[],"_links":{"self":[{"href":"https:\/\/bracketjeans.com.br\/blog\/wp-json\/wp\/v2\/posts\/224","targetHints":{"allow":["GET"]}}],"collection":[{"href":"https:\/\/bracketjeans.com.br\/blog\/wp-json\/wp\/v2\/posts"}],"about":[{"href":"https:\/\/bracketjeans.com.br\/blog\/wp-json\/wp\/v2\/types\/post"}],"author":[{"embeddable":true,"href":"https:\/\/bracketjeans.com.br\/blog\/wp-json\/wp\/v2\/users\/2"}],"replies":[{"embeddable":true,"href":"https:\/\/bracketjeans.com.br\/blog\/wp-json\/wp\/v2\/comments?post=224"}],"version-history":[{"count":6,"href":"https:\/\/bracketjeans.com.br\/blog\/wp-json\/wp\/v2\/posts\/224\/revisions"}],"predecessor-version":[{"id":231,"href":"https:\/\/bracketjeans.com.br\/blog\/wp-json\/wp\/v2\/posts\/224\/revisions\/231"}],"wp:featuredmedia":[{"embeddable":true,"href":"https:\/\/bracketjeans.com.br\/blog\/wp-json\/wp\/v2\/media\/225"}],"wp:attachment":[{"href":"https:\/\/bracketjeans.com.br\/blog\/wp-json\/wp\/v2\/media?parent=224"}],"wp:term":[{"taxonomy":"category","embeddable":true,"href":"https:\/\/bracketjeans.com.br\/blog\/wp-json\/wp\/v2\/categories?post=224"},{"taxonomy":"post_tag","embeddable":true,"href":"https:\/\/bracketjeans.com.br\/blog\/wp-json\/wp\/v2\/tags?post=224"}],"curies":[{"name":"wp","href":"https:\/\/api.w.org\/{rel}","templated":true}]}}