{"id":19,"date":"2017-06-06T10:43:53","date_gmt":"2017-06-06T13:43:53","guid":{"rendered":"http:\/\/bracketjeans.com.br\/blog\/?p=19"},"modified":"2017-09-08T18:29:41","modified_gmt":"2017-09-08T21:29:41","slug":"as-festas-juninas-chegaram","status":"publish","type":"post","link":"https:\/\/bracketjeans.com.br\/blog\/as-festas-juninas-chegaram\/","title":{"rendered":"As festas juninas chegaram"},"content":{"rendered":"<p>Chegou junho e voc\u00eas sabem o que isso significa, n\u00e3o \u00e9? As festas juninas come\u00e7aram! J\u00e1 d\u00e1 pra sentir o cheirinho do bolo de milho e ouvir o som da quadrilha vindo de longe, isso significa que j\u00e1 est\u00e1 na hora de pensar no look que voc\u00ea usar\u00e1 nas festas.<\/p>\n<p class=\"western\">Se vestir de caipira \u00e9 uma tradi\u00e7\u00e3o muito gostosa que todo mundo gosta, n\u00e3o tem gra\u00e7a entrar na quadrilha sem estar a car\u00e1ter. E sabe qual \u00e9 o melhor amigo da fantasia de caipira? O jeans!<\/p>\n<p class=\"western\">De uns tempos para c\u00e1, os looks para as festas juninas est\u00e3o mudando. A fantasia est\u00e1 sendo deixada de lado para uma vers\u00e3o mais contempor\u00e2nea do caipira. Porque todo mundo quer se divertir, mas tamb\u00e9m ficar bonito, n\u00e3o \u00e9?<\/p>\n<p class=\"western\">Com as pe\u00e7as Bracket, voc\u00ea consegue ir para qualquer festa junina com muito estilo.<\/p>\n<p class=\"western\"><img loading=\"lazy\" decoding=\"async\" class=\"aligncenter size-full wp-image-20\" src=\"http:\/\/bracketjeans.com.br\/blog\/wp-content\/uploads\/2017\/06\/camisa.jpg\" alt=\"\" width=\"876\" height=\"1314\" srcset=\"https:\/\/bracketjeans.com.br\/blog\/wp-content\/uploads\/2017\/06\/camisa.jpg 876w, https:\/\/bracketjeans.com.br\/blog\/wp-content\/uploads\/2017\/06\/camisa-200x300.jpg 200w, https:\/\/bracketjeans.com.br\/blog\/wp-content\/uploads\/2017\/06\/camisa-768x1152.jpg 768w, https:\/\/bracketjeans.com.br\/blog\/wp-content\/uploads\/2017\/06\/camisa-683x1024.jpg 683w\" sizes=\"auto, (max-width: 876px) 100vw, 876px\" \/><\/p>\n<p class=\"western\"><img loading=\"lazy\" decoding=\"async\" class=\"aligncenter wp-image-21 size-full\" src=\"http:\/\/bracketjeans.com.br\/blog\/wp-content\/uploads\/2017\/06\/camisa2.jpg\" alt=\"\" width=\"876\" height=\"1314\" srcset=\"https:\/\/bracketjeans.com.br\/blog\/wp-content\/uploads\/2017\/06\/camisa2.jpg 876w, https:\/\/bracketjeans.com.br\/blog\/wp-content\/uploads\/2017\/06\/camisa2-200x300.jpg 200w, https:\/\/bracketjeans.com.br\/blog\/wp-content\/uploads\/2017\/06\/camisa2-768x1152.jpg 768w, https:\/\/bracketjeans.com.br\/blog\/wp-content\/uploads\/2017\/06\/camisa2-683x1024.jpg 683w\" sizes=\"auto, (max-width: 876px) 100vw, 876px\" \/> <img loading=\"lazy\" decoding=\"async\" class=\"aligncenter size-full wp-image-22\" src=\"http:\/\/bracketjeans.com.br\/blog\/wp-content\/uploads\/2017\/06\/jardineira.jpg\" alt=\"\" width=\"876\" height=\"1314\" srcset=\"https:\/\/bracketjeans.com.br\/blog\/wp-content\/uploads\/2017\/06\/jardineira.jpg 876w, https:\/\/bracketjeans.com.br\/blog\/wp-content\/uploads\/2017\/06\/jardineira-200x300.jpg 200w, https:\/\/bracketjeans.com.br\/blog\/wp-content\/uploads\/2017\/06\/jardineira-768x1152.jpg 768w, https:\/\/bracketjeans.com.br\/blog\/wp-content\/uploads\/2017\/06\/jardineira-683x1024.jpg 683w\" sizes=\"auto, (max-width: 876px) 100vw, 876px\" \/> <img loading=\"lazy\" decoding=\"async\" class=\"aligncenter size-full wp-image-23\" src=\"http:\/\/bracketjeans.com.br\/blog\/wp-content\/uploads\/2017\/06\/shorts.jpg\" alt=\"\" width=\"876\" height=\"1314\" srcset=\"https:\/\/bracketjeans.com.br\/blog\/wp-content\/uploads\/2017\/06\/shorts.jpg 876w, https:\/\/bracketjeans.com.br\/blog\/wp-content\/uploads\/2017\/06\/shorts-200x300.jpg 200w, https:\/\/bracketjeans.com.br\/blog\/wp-content\/uploads\/2017\/06\/shorts-768x1152.jpg 768w, https:\/\/bracketjeans.com.br\/blog\/wp-content\/uploads\/2017\/06\/shorts-683x1024.jpg 683w\" sizes=\"auto, (max-width: 876px) 100vw, 876px\" \/><\/p>\n<p class=\"western\">Gostou? Qual look voc\u00ea vai usar na festa junina? Conte pra gente nos coment\u00e1rios. \ud83d\ude42<\/p>\n","protected":false},"excerpt":{"rendered":"<p>Chegou junho e voc\u00eas sabem o que isso significa, n\u00e3o \u00e9? As festas juninas come\u00e7aram! J\u00e1 d\u00e1 pra sentir o cheirinho do bolo de milho&#8230;<\/p>\n<div class=\"more-link-wrapper\"><a class=\"more-link\" href=\"https:\/\/bracketjeans.com.br\/blog\/as-festas-juninas-chegaram\/\">Continue Lendo<span class=\"screen-reader-text\">As festas juninas chegaram<\/span><\/a><\/div>\n","protected":false},"author":1,"featured_media":52,"comment_status":"open","ping_status":"open","sticky":false,"template":"","format":"standard","meta":{"_acf_changed":false,"footnotes":""},"categories":[3],"tags":[],"class_list":["post-19","post","type-post","status-publish","format-standard","has-post-thumbnail","hentry","category-bracket","entry"],"acf":[],"_links":{"self":[{"href":"https:\/\/bracketjeans.com.br\/blog\/wp-json\/wp\/v2\/posts\/19","targetHints":{"allow":["GET"]}}],"collection":[{"href":"https:\/\/bracketjeans.com.br\/blog\/wp-json\/wp\/v2\/posts"}],"about":[{"href":"https:\/\/bracketjeans.com.br\/blog\/wp-json\/wp\/v2\/types\/post"}],"author":[{"embeddable":true,"href":"https:\/\/bracketjeans.com.br\/blog\/wp-json\/wp\/v2\/users\/1"}],"replies":[{"embeddable":true,"href":"https:\/\/bracketjeans.com.br\/blog\/wp-json\/wp\/v2\/comments?post=19"}],"version-history":[{"count":2,"href":"https:\/\/bracketjeans.com.br\/blog\/wp-json\/wp\/v2\/posts\/19\/revisions"}],"predecessor-version":[{"id":26,"href":"https:\/\/bracketjeans.com.br\/blog\/wp-json\/wp\/v2\/posts\/19\/revisions\/26"}],"wp:featuredmedia":[{"embeddable":true,"href":"https:\/\/bracketjeans.com.br\/blog\/wp-json\/wp\/v2\/media\/52"}],"wp:attachment":[{"href":"https:\/\/bracketjeans.com.br\/blog\/wp-json\/wp\/v2\/media?parent=19"}],"wp:term":[{"taxonomy":"category","embeddable":true,"href":"https:\/\/bracketjeans.com.br\/blog\/wp-json\/wp\/v2\/categories?post=19"},{"taxonomy":"post_tag","embeddable":true,"href":"https:\/\/bracketjeans.com.br\/blog\/wp-json\/wp\/v2\/tags?post=19"}],"curies":[{"name":"wp","href":"https:\/\/api.w.org\/{rel}","templated":true}]}}