{"id":81,"date":"2018-02-08T12:00:16","date_gmt":"2018-02-08T14:00:16","guid":{"rendered":"http:\/\/bracketjeans.com.br\/blog\/?p=81"},"modified":"2018-02-08T12:00:16","modified_gmt":"2018-02-08T14:00:16","slug":"os-anos-90-invadiram-o-carnaval-do-brasil-inteiro-voce-esta-preparado-para-essa-demanda","status":"publish","type":"post","link":"http:\/\/bracketjeans.com.br\/blog\/os-anos-90-invadiram-o-carnaval-do-brasil-inteiro-voce-esta-preparado-para-essa-demanda\/","title":{"rendered":"Os anos 90 invadiram o Carnaval do Brasil inteiro. Voc\u00ea est\u00e1 preparado para essa demanda?"},"content":{"rendered":"<p><span style=\"font-weight: 400;\">N\u00e3o sabemos o por que, mas os anos 90 se recusam a ir embora. Mesmo para quem nasceu bem depois da d\u00e9cada acabar, \u00e9 dif\u00edcil n\u00e3o saber a letra dos hits da \u00e9poca ou n\u00e3o cantar junto dos amigos quando algu\u00e9m escolhe \u201cEvid\u00eancias\u201d no karaok\u00ea. Tamb\u00e9m \u00e9 muito dif\u00edcil n\u00e3o se apaixonar pela quantidade de cores e acess\u00f3rios em contraste com as pe\u00e7as de modelagem b\u00e1sica que os anos 90 \u00e9 conhecido.<\/span><\/p>\n<p><span style=\"font-weight: 400;\">Enquanto que na moda tradicional os anos 90 aparecem em alguns acess\u00f3rios ou modelagens, quando se trata de Carnaval, parece que ele nunca foi embora. Para a festa mais divertida do ano, os jovens juntam as cores mais fortes com modelagens dos anos 90 e pe\u00e7as b\u00e1sicas.<\/span><\/p>\n<p><span style=\"font-weight: 400;\">Por ser uma pe\u00e7a t\u00e3o vers\u00e1til, o jeans consegue transformar qualquer look para dias quentes, mais frescos e at\u00e9 uma jaqueta para os dias de chuva, tudo sem diminuir o conforto na hora que o seu cliente precisar para pular o Carnaval. Por isso, separamos algumas pe\u00e7as chaves para voc\u00ea oferecer aos seus clientes.<\/span><\/p>\n<p><b>Jaqueta jeans<\/b><\/p>\n<p><img loading=\"lazy\" decoding=\"async\" class=\"aligncenter size-full wp-image-83\" src=\"http:\/\/bracketjeans.com.br\/blog\/wp-content\/uploads\/2018\/02\/1.jpg.jpg\" alt=\"\" width=\"865\" height=\"610\" \/><\/p>\n<p><span style=\"font-weight: 400;\">O clima do Brasil nunca \u00e9 \u00f3bvio. \u00c0s vezes sa\u00edmos de casa e est\u00e1 frio, depois chove, depois fica calor e o dia termina frio novamente, ent\u00e3o a jaqueta jeans \u00e9 essencial para qualquer um que pretende pular o carnaval. Mostre ao seu cliente que as suas jaquetas n\u00e3o s\u00e3o muito quentes, sendo confort\u00e1veis at\u00e9 em temperaturas mais altas.<\/span><\/p>\n<p><b>Shorts<\/b><\/p>\n<p><img loading=\"lazy\" decoding=\"async\" class=\"aligncenter size-full wp-image-84\" src=\"http:\/\/bracketjeans.com.br\/blog\/wp-content\/uploads\/2018\/02\/2.jpg.jpg\" alt=\"\" width=\"1024\" height=\"637\" \/><\/p>\n<p><span style=\"font-weight: 400;\">O shorts jeans \u00e9, com certeza, a pe\u00e7a mais usada durante o Carnaval. \u00c9 leve, fresco e cai bem em todo mundo. Sempre mostre diversas op\u00e7\u00f5es para os seus clientes, eles v\u00e3o querer mais que um shorts jeans.<\/span><\/p>\n<p><strong>Camisa jeans.<\/strong><\/p>\n<p><img loading=\"lazy\" decoding=\"async\" class=\"aligncenter size-full wp-image-85\" src=\"http:\/\/bracketjeans.com.br\/blog\/wp-content\/uploads\/2018\/02\/3.jpg.jpg\" alt=\"\" width=\"640\" height=\"426\" \/><\/p>\n<p><span style=\"font-weight: 400;\">Parecida com a jaqueta, a camisa aqui \u00e9 utilizada como sobreposi\u00e7\u00e3o. Neste caso, o seu cliente quer uma roupa levinha, mas que o proteger\u00e1 do sol e da chuva.<\/span><\/p>\n<p><span style=\"font-weight: 400;\">Ficar atento nas novas tend\u00eancias \u00e9 essencial para qualquer representante. Mostre que voc\u00ea sabe sobre moda e fa\u00e7a as melhores sugest\u00f5es de compra aos seus clientes. <\/span><\/p>\n<p>&nbsp;<\/p>\n","protected":false},"excerpt":{"rendered":"<p>N\u00e3o sabemos o por que, mas os anos 90 se recusam a ir embora. Mesmo para quem nasceu bem depois da d\u00e9cada acabar, \u00e9 dif\u00edcil&#8230;<\/p>\n<div class=\"more-link-wrapper\"><a class=\"more-link\" href=\"http:\/\/bracketjeans.com.br\/blog\/os-anos-90-invadiram-o-carnaval-do-brasil-inteiro-voce-esta-preparado-para-essa-demanda\/\">Continue Lendo<span class=\"screen-reader-text\">Os anos 90 invadiram o Carnaval do Brasil inteiro. Voc\u00ea est\u00e1 preparado para essa demanda?<\/span><\/a><\/div>\n","protected":false},"author":1,"featured_media":0,"comment_status":"open","ping_status":"open","sticky":false,"template":"","format":"standard","meta":{"_acf_changed":false,"footnotes":""},"categories":[4],"tags":[],"class_list":["post-81","post","type-post","status-publish","format-standard","hentry","category-representantes","entry"],"acf":[],"_links":{"self":[{"href":"http:\/\/bracketjeans.com.br\/blog\/wp-json\/wp\/v2\/posts\/81","targetHints":{"allow":["GET"]}}],"collection":[{"href":"http:\/\/bracketjeans.com.br\/blog\/wp-json\/wp\/v2\/posts"}],"about":[{"href":"http:\/\/bracketjeans.com.br\/blog\/wp-json\/wp\/v2\/types\/post"}],"author":[{"embeddable":true,"href":"http:\/\/bracketjeans.com.br\/blog\/wp-json\/wp\/v2\/users\/1"}],"replies":[{"embeddable":true,"href":"http:\/\/bracketjeans.com.br\/blog\/wp-json\/wp\/v2\/comments?post=81"}],"version-history":[{"count":1,"href":"http:\/\/bracketjeans.com.br\/blog\/wp-json\/wp\/v2\/posts\/81\/revisions"}],"predecessor-version":[{"id":88,"href":"http:\/\/bracketjeans.com.br\/blog\/wp-json\/wp\/v2\/posts\/81\/revisions\/88"}],"wp:attachment":[{"href":"http:\/\/bracketjeans.com.br\/blog\/wp-json\/wp\/v2\/media?parent=81"}],"wp:term":[{"taxonomy":"category","embeddable":true,"href":"http:\/\/bracketjeans.com.br\/blog\/wp-json\/wp\/v2\/categories?post=81"},{"taxonomy":"post_tag","embeddable":true,"href":"http:\/\/bracketjeans.com.br\/blog\/wp-json\/wp\/v2\/tags?post=81"}],"curies":[{"name":"wp","href":"https:\/\/api.w.org\/{rel}","templated":true}]}}