{"id":76,"date":"2017-12-20T12:27:53","date_gmt":"2017-12-20T14:27:53","guid":{"rendered":"http:\/\/bracketjeans.com.br\/blog\/?p=76"},"modified":"2017-12-20T12:27:53","modified_gmt":"2017-12-20T14:27:53","slug":"as-3-competencias-profissionais-mais-valorizadas","status":"publish","type":"post","link":"http:\/\/bracketjeans.com.br\/blog\/as-3-competencias-profissionais-mais-valorizadas\/","title":{"rendered":"As 3 compet\u00eancias profissionais mais valorizadas"},"content":{"rendered":"<p>Em bons momentos, um bom profissional \u00e9 valorizado, mas s\u00e3o nos momentos ruins que este profissional \u00e9 indispens\u00e1vel. Ele resolve problemas, lida com pessoas, consegue gerir colaboradores e manejar projetos com uma maior facilidade.<\/p>\n<p>Estes profissionais s\u00e3o raros, mas as suas habilidades n\u00e3o nasceram do nada. Para ser um bom profissional, a experi\u00eancia \u00e9 essencial. Profissionais bons n\u00e3o se criam sozinhos.<\/p>\n<p>Por isso, separamos <strong>3 das compet\u00eancias mais valorizadas em profissionais.<\/strong><\/p>\n<p><strong>Comprometimento.<\/strong><br \/>\nEstar comprometido com o seu produto e os seus clientes \u00e9 essencial para qualquer representante. Entenda sobre o que est\u00e1 falando e mantenha-se comprometido a ajudar o seu cliente durante qualquer venda.<\/p>\n<p><strong>Gest\u00e3o de pessoas.<\/strong><br \/>\nPode parecer que essa parte \u00e9 apenas para quem tem funcion\u00e1rios, mas isso n\u00e3o \u00e9 verdade. A gest\u00e3o de pessoas pode ser utilizada para fornecedores e clientes. Entender o comportamento das pessoas durante as transa\u00e7\u00f5es \u00e9 essencial para transform\u00e1-las nos clientes e fornecedores perfeitos.<\/p>\n<p><strong>Manter-se atualizado.<\/strong><br \/>\nProdutos mudam. Consumidores mudam. Comportamentos mudam. Tudo isso deve ser levado em conta durante a vida profissional de um representante. Manter-se atualizado \u00e9 muito importante para que as suas vendas sejam feitas de uma forma que leve em conta essas mudan\u00e7as.<\/p>\n","protected":false},"excerpt":{"rendered":"<p>Em bons momentos, um bom profissional \u00e9 valorizado, mas s\u00e3o nos momentos ruins que este profissional \u00e9 indispens\u00e1vel. Ele resolve problemas, lida com pessoas, consegue&#8230;<\/p>\n<div class=\"more-link-wrapper\"><a class=\"more-link\" href=\"http:\/\/bracketjeans.com.br\/blog\/as-3-competencias-profissionais-mais-valorizadas\/\">Continue Lendo<span class=\"screen-reader-text\">As 3 compet\u00eancias profissionais mais valorizadas<\/span><\/a><\/div>\n","protected":false},"author":1,"featured_media":77,"comment_status":"open","ping_status":"open","sticky":false,"template":"","format":"standard","meta":{"_acf_changed":false,"footnotes":""},"categories":[4],"tags":[],"class_list":["post-76","post","type-post","status-publish","format-standard","has-post-thumbnail","hentry","category-representantes","entry"],"acf":[],"_links":{"self":[{"href":"http:\/\/bracketjeans.com.br\/blog\/wp-json\/wp\/v2\/posts\/76","targetHints":{"allow":["GET"]}}],"collection":[{"href":"http:\/\/bracketjeans.com.br\/blog\/wp-json\/wp\/v2\/posts"}],"about":[{"href":"http:\/\/bracketjeans.com.br\/blog\/wp-json\/wp\/v2\/types\/post"}],"author":[{"embeddable":true,"href":"http:\/\/bracketjeans.com.br\/blog\/wp-json\/wp\/v2\/users\/1"}],"replies":[{"embeddable":true,"href":"http:\/\/bracketjeans.com.br\/blog\/wp-json\/wp\/v2\/comments?post=76"}],"version-history":[{"count":1,"href":"http:\/\/bracketjeans.com.br\/blog\/wp-json\/wp\/v2\/posts\/76\/revisions"}],"predecessor-version":[{"id":78,"href":"http:\/\/bracketjeans.com.br\/blog\/wp-json\/wp\/v2\/posts\/76\/revisions\/78"}],"wp:featuredmedia":[{"embeddable":true,"href":"http:\/\/bracketjeans.com.br\/blog\/wp-json\/wp\/v2\/media\/77"}],"wp:attachment":[{"href":"http:\/\/bracketjeans.com.br\/blog\/wp-json\/wp\/v2\/media?parent=76"}],"wp:term":[{"taxonomy":"category","embeddable":true,"href":"http:\/\/bracketjeans.com.br\/blog\/wp-json\/wp\/v2\/categories?post=76"},{"taxonomy":"post_tag","embeddable":true,"href":"http:\/\/bracketjeans.com.br\/blog\/wp-json\/wp\/v2\/tags?post=76"}],"curies":[{"name":"wp","href":"https:\/\/api.w.org\/{rel}","templated":true}]}}