{"id":453,"date":"2026-01-27T11:29:19","date_gmt":"2026-01-27T14:29:19","guid":{"rendered":"https:\/\/bracketjeans.com.br\/blog\/?p=453"},"modified":"2026-01-27T11:29:19","modified_gmt":"2026-01-27T14:29:19","slug":"conforto-como-elemento-estrutural-no-jeans-infantil","status":"publish","type":"post","link":"http:\/\/bracketjeans.com.br\/blog\/conforto-como-elemento-estrutural-no-jeans-infantil\/","title":{"rendered":"CONFORTO COMO ELEMENTO ESTRUTURAL NO JEANS INFANTIL"},"content":{"rendered":"<p><span style=\"font-weight: 400;\">O conforto no vestu\u00e1rio infantil \u00e9 um fator determinante para o bem-estar e para a aceita\u00e7\u00e3o da pe\u00e7a pela crian\u00e7a. No caso do jeans, historicamente associado \u00e0 rigidez, torna-se essencial repensar modelagens, tecidos e ajustes que respeitem o corpo em desenvolvimento.<\/span><\/p>\n<p><span style=\"font-weight: 400;\">Quando o jeans oferece mobilidade adequada, elasticidade equilibrada e n\u00e3o exerce press\u00e3o excessiva sobre regi\u00f5es sens\u00edveis, ele passa a integrar a rotina da crian\u00e7a de forma natural. O desconforto, por outro lado, tende a gerar resist\u00eancia ao uso e abandono da pe\u00e7a, independentemente de sua apar\u00eancia.<\/span><\/p>\n<p><span style=\"font-weight: 400;\">Sob a perspectiva dos pais, o conforto representa tranquilidade e confian\u00e7a na escolha do vestu\u00e1rio. J\u00e1 no \u00e2mbito comercial, produtos confort\u00e1veis contribuem para a fideliza\u00e7\u00e3o do consumidor, uma vez que experi\u00eancias positivas s\u00e3o determinantes para a recompra.<\/span><\/p>\n<p><span style=\"font-weight: 400;\">Para lojistas, trabalhar com jeans que priorizam conforto significa oferecer produtos com maior aceita\u00e7\u00e3o e valor percebido. A satisfa\u00e7\u00e3o do consumidor final reflete diretamente na reputa\u00e7\u00e3o da marca e do ponto de venda.<\/span><\/p>\n<p><span style=\"font-weight: 400;\">Assim, o conforto n\u00e3o deve ser tratado como diferencial, mas como requisito essencial na concep\u00e7\u00e3o do jeans infantil contempor\u00e2neo.<\/span><\/p>\n","protected":false},"excerpt":{"rendered":"<p>O conforto no vestu\u00e1rio infantil \u00e9 um fator determinante para o bem-estar e para a aceita\u00e7\u00e3o da pe\u00e7a pela crian\u00e7a. No caso do jeans, historicamente&#8230;<\/p>\n<div class=\"more-link-wrapper\"><a class=\"more-link\" href=\"http:\/\/bracketjeans.com.br\/blog\/conforto-como-elemento-estrutural-no-jeans-infantil\/\">Continue Lendo<span class=\"screen-reader-text\">CONFORTO COMO ELEMENTO ESTRUTURAL NO JEANS INFANTIL<\/span><\/a><\/div>\n","protected":false},"author":2,"featured_media":448,"comment_status":"open","ping_status":"open","sticky":false,"template":"","format":"standard","meta":{"_acf_changed":false,"footnotes":""},"categories":[1],"tags":[],"class_list":["post-453","post","type-post","status-publish","format-standard","has-post-thumbnail","hentry","category-sem-categoria","entry"],"acf":[],"_links":{"self":[{"href":"http:\/\/bracketjeans.com.br\/blog\/wp-json\/wp\/v2\/posts\/453","targetHints":{"allow":["GET"]}}],"collection":[{"href":"http:\/\/bracketjeans.com.br\/blog\/wp-json\/wp\/v2\/posts"}],"about":[{"href":"http:\/\/bracketjeans.com.br\/blog\/wp-json\/wp\/v2\/types\/post"}],"author":[{"embeddable":true,"href":"http:\/\/bracketjeans.com.br\/blog\/wp-json\/wp\/v2\/users\/2"}],"replies":[{"embeddable":true,"href":"http:\/\/bracketjeans.com.br\/blog\/wp-json\/wp\/v2\/comments?post=453"}],"version-history":[{"count":1,"href":"http:\/\/bracketjeans.com.br\/blog\/wp-json\/wp\/v2\/posts\/453\/revisions"}],"predecessor-version":[{"id":454,"href":"http:\/\/bracketjeans.com.br\/blog\/wp-json\/wp\/v2\/posts\/453\/revisions\/454"}],"wp:featuredmedia":[{"embeddable":true,"href":"http:\/\/bracketjeans.com.br\/blog\/wp-json\/wp\/v2\/media\/448"}],"wp:attachment":[{"href":"http:\/\/bracketjeans.com.br\/blog\/wp-json\/wp\/v2\/media?parent=453"}],"wp:term":[{"taxonomy":"category","embeddable":true,"href":"http:\/\/bracketjeans.com.br\/blog\/wp-json\/wp\/v2\/categories?post=453"},{"taxonomy":"post_tag","embeddable":true,"href":"http:\/\/bracketjeans.com.br\/blog\/wp-json\/wp\/v2\/tags?post=453"}],"curies":[{"name":"wp","href":"https:\/\/api.w.org\/{rel}","templated":true}]}}