{"id":443,"date":"2025-12-27T11:20:02","date_gmt":"2025-12-27T14:20:02","guid":{"rendered":"https:\/\/bracketjeans.com.br\/blog\/?p=443"},"modified":"2026-01-27T11:28:38","modified_gmt":"2026-01-27T14:28:38","slug":"jeans-infantil-como-solucao-funcional-para-a-rotina-contemporanea","status":"publish","type":"post","link":"http:\/\/bracketjeans.com.br\/blog\/jeans-infantil-como-solucao-funcional-para-a-rotina-contemporanea\/","title":{"rendered":"JEANS INFANTIL COMO SOLU\u00c7\u00c3O FUNCIONAL PARA A ROTINA CONTEMPOR\u00c2NEA"},"content":{"rendered":"<p><span style=\"font-weight: 400;\">O jeans infantil desempenha papel fundamental no vestu\u00e1rio contempor\u00e2neo, n\u00e3o apenas como elemento est\u00e9tico, mas como pe\u00e7a funcional capaz de atender \u00e0s exig\u00eancias da rotina di\u00e1ria das crian\u00e7as. Diferentemente de outras categorias do vestu\u00e1rio, o jeans \u00e9 frequentemente escolhido pela sua resist\u00eancia, praticidade e adaptabilidade a diferentes contextos de uso.<\/span><\/p>\n<p><span style=\"font-weight: 400;\">Para as fam\u00edlias, a funcionalidade do jeans representa seguran\u00e7a na escolha da pe\u00e7a. Trata-se de um vestu\u00e1rio que pode ser utilizado ao longo de todo o dia, reduzindo a necessidade de trocas frequentes e proporcionando conforto durante atividades escolares, momentos de lazer e compromissos sociais. A durabilidade do tecido e a facilidade de combina\u00e7\u00e3o com outras pe\u00e7as tamb\u00e9m contribuem para sua ampla aceita\u00e7\u00e3o.<\/span><\/p>\n<p><span style=\"font-weight: 400;\">No contexto comercial, especialmente no segmento B2B, produtos com alto grau de funcionalidade apresentam maior desempenho em vendas. Pe\u00e7as que atendem a necessidades reais do consumidor final possuem maior rotatividade, menor \u00edndice de devolu\u00e7\u00e3o e facilitam a argumenta\u00e7\u00e3o no ponto de venda. Assim, o jeans infantil deixa de ser apenas um item de moda e passa a ser compreendido como solu\u00e7\u00e3o pr\u00e1tica.<\/span><\/p>\n<p><span style=\"font-weight: 400;\">Dessa forma, o desenvolvimento de jeans infantis deve considerar n\u00e3o apenas aspectos visuais, mas principalmente caracter\u00edsticas que garantam desempenho, conforto e adequa\u00e7\u00e3o ao uso cotidiano.<\/span><\/p>\n","protected":false},"excerpt":{"rendered":"<p>O jeans infantil desempenha papel fundamental no vestu\u00e1rio contempor\u00e2neo, n\u00e3o apenas como elemento est\u00e9tico, mas como pe\u00e7a funcional capaz de atender \u00e0s exig\u00eancias da rotina&#8230;<\/p>\n<div class=\"more-link-wrapper\"><a class=\"more-link\" href=\"http:\/\/bracketjeans.com.br\/blog\/jeans-infantil-como-solucao-funcional-para-a-rotina-contemporanea\/\">Continue Lendo<span class=\"screen-reader-text\">JEANS INFANTIL COMO SOLU\u00c7\u00c3O FUNCIONAL PARA A ROTINA CONTEMPOR\u00c2NEA<\/span><\/a><\/div>\n","protected":false},"author":2,"featured_media":451,"comment_status":"open","ping_status":"open","sticky":false,"template":"","format":"standard","meta":{"_acf_changed":false,"footnotes":""},"categories":[1],"tags":[],"class_list":["post-443","post","type-post","status-publish","format-standard","has-post-thumbnail","hentry","category-sem-categoria","entry"],"acf":[],"_links":{"self":[{"href":"http:\/\/bracketjeans.com.br\/blog\/wp-json\/wp\/v2\/posts\/443","targetHints":{"allow":["GET"]}}],"collection":[{"href":"http:\/\/bracketjeans.com.br\/blog\/wp-json\/wp\/v2\/posts"}],"about":[{"href":"http:\/\/bracketjeans.com.br\/blog\/wp-json\/wp\/v2\/types\/post"}],"author":[{"embeddable":true,"href":"http:\/\/bracketjeans.com.br\/blog\/wp-json\/wp\/v2\/users\/2"}],"replies":[{"embeddable":true,"href":"http:\/\/bracketjeans.com.br\/blog\/wp-json\/wp\/v2\/comments?post=443"}],"version-history":[{"count":1,"href":"http:\/\/bracketjeans.com.br\/blog\/wp-json\/wp\/v2\/posts\/443\/revisions"}],"predecessor-version":[{"id":452,"href":"http:\/\/bracketjeans.com.br\/blog\/wp-json\/wp\/v2\/posts\/443\/revisions\/452"}],"wp:featuredmedia":[{"embeddable":true,"href":"http:\/\/bracketjeans.com.br\/blog\/wp-json\/wp\/v2\/media\/451"}],"wp:attachment":[{"href":"http:\/\/bracketjeans.com.br\/blog\/wp-json\/wp\/v2\/media?parent=443"}],"wp:term":[{"taxonomy":"category","embeddable":true,"href":"http:\/\/bracketjeans.com.br\/blog\/wp-json\/wp\/v2\/categories?post=443"},{"taxonomy":"post_tag","embeddable":true,"href":"http:\/\/bracketjeans.com.br\/blog\/wp-json\/wp\/v2\/tags?post=443"}],"curies":[{"name":"wp","href":"https:\/\/api.w.org\/{rel}","templated":true}]}}