{"id":357,"date":"2024-07-11T15:42:57","date_gmt":"2024-07-11T18:42:57","guid":{"rendered":"https:\/\/bracketjeans.com.br\/blog\/?p=357"},"modified":"2024-07-11T15:42:57","modified_gmt":"2024-07-11T18:42:57","slug":"o-conforto-do-jeans-para-bebes","status":"publish","type":"post","link":"http:\/\/bracketjeans.com.br\/blog\/o-conforto-do-jeans-para-bebes\/","title":{"rendered":"O Conforto do Jeans para Beb\u00eas!"},"content":{"rendered":"<p>Quando se trata de vestir nossos pequenos, conforto \u00e9 a palavra-chave. Muitas pessoas acreditam que o jeans, por ser um tecido mais r\u00edgido, n\u00e3o \u00e9 adequado para beb\u00eas. No entanto, a moda infantil tem evolu\u00eddo e hoje encontramos jeans que s\u00e3o perfeitamente confort\u00e1veis para os mais pequenos. As marcas est\u00e3o investindo em tecidos mais leves e com elastano, garantindo que o movimento dos beb\u00eas n\u00e3o seja restringido. Al\u00e9m disso, o jeans infantil \u00e9 pensado para facilitar as trocas de fraldas, com bot\u00f5es e el\u00e1sticos estrategicamente posicionados. Portanto, ao contr\u00e1rio do que muitos pensam, o jeans pode sim ser uma op\u00e7\u00e3o confort\u00e1vel e pr\u00e1tica para o dia a dia dos beb\u00eas. E quando falamos de Bracket Jeans, a inova\u00e7\u00e3o e o cuidado com os detalhes fazem toda a diferen\u00e7a, oferecendo pe\u00e7as que combinam moda e funcionalidade.<\/p>\n<p><strong>Estilo e Praticidade <\/strong><\/p>\n<p>O jeans \u00e9 um cl\u00e1ssico atemporal, e n\u00e3o \u00e9 diferente quando falamos da moda infantil. Uma das grandes vantagens do jeans para beb\u00eas e crian\u00e7as pequenas \u00e9 a sua durabilidade. Crian\u00e7as pequenas s\u00e3o ativas e est\u00e3o sempre em movimento, explorando o mundo ao seu redor. O jeans resiste a brincadeiras no parque, rastejar e todas as outras aventuras di\u00e1rias. Al\u00e9m disso, as pe\u00e7as de jeans s\u00e3o f\u00e1ceis de combinar, o que facilita na hora de montar looks r\u00e1pidos e estilosos. Um simples jeans com uma camiseta estampada j\u00e1 garante um visual fofo e moderno. Sem contar que, com os cuidados certos, as roupas jeans podem ser passadas para irm\u00e3os ou amigos, mostrando um excelente custo-benef\u00edcio. Bracket Jeans oferece n\u00e3o apenas qualidade, mas tamb\u00e9m design diferenciado, perfeito para acompanhar o ritmo dos pequenos com muito estilo.<\/p>\n<p><strong>Dicas para Escolher o Jeans Ideal para seu Beb\u00ea <\/strong><\/p>\n<p>Escolher o jeans ideal para beb\u00eas pode parecer uma tarefa desafiadora, mas com algumas dicas, fica muito mais f\u00e1cil. Primeiramente, opte por tecidos que tenham elasticidade. O jeans com elastano permite maior liberdade de movimento, essencial para os pequenos. Verifique tamb\u00e9m a cintura: modelos com el\u00e1stico ajust\u00e1vel s\u00e3o ideais, pois se adaptam melhor ao corpo do beb\u00ea e garantem conforto ao longo do dia. Preste aten\u00e7\u00e3o aos detalhes como bot\u00f5es e z\u00edperes, certificando-se de que est\u00e3o bem protegidos para n\u00e3o incomodar ou machucar. Outro ponto importante \u00e9 escolher lavagens mais suaves e evitar enfeites que possam causar desconforto. Com essas dicas, voc\u00ea pode garantir que seu beb\u00ea estar\u00e1 n\u00e3o apenas estiloso, mas tamb\u00e9m confort\u00e1vel e pronto para qualquer aventura. Bracket Jeans se destaca por oferecer todas essas caracter\u00edsticas, al\u00e9m de uma ampla variedade de modelos que atendem \u00e0s necessidades dos beb\u00eas e das crian\u00e7as, sempre com muita qualidade e cuidado.<\/p>\n<p>E-mail: <a href=\"mailto:bracket@bracketjeans.com.br\">bracket@bracketjeans.com.br<\/a><br \/>\nSite: <a href=\"http:\/\/www.bracketjeans.com.br\" target=\"_blank\" rel=\"noopener noreferrer\">www.bracketjeans.com.br<\/a><\/p>\n<p>Redes Sociais:<br \/>\n<a href=\"https:\/\/www.instagram.com\/bracketjeans\/\" target=\"_blank\" rel=\"noopener noreferrer\">Instagram<\/a> | <a href=\"https:\/\/www.facebook.com\/bracketjeans\/\" target=\"_blank\" rel=\"noopener noreferrer\">Facebook<\/a> | <a href=\"https:\/\/www.youtube.com\/channel\/UC-ceVa6LaOqaP7G9wJbDYRg\" target=\"_blank\" rel=\"noopener noreferrer\">Youtube<\/a><\/p>\n","protected":false},"excerpt":{"rendered":"<p>Quando se trata de vestir nossos pequenos, conforto \u00e9 a palavra-chave. Muitas pessoas acreditam que o jeans, por ser um tecido mais r\u00edgido, n\u00e3o \u00e9&#8230;<\/p>\n<div class=\"more-link-wrapper\"><a class=\"more-link\" href=\"http:\/\/bracketjeans.com.br\/blog\/o-conforto-do-jeans-para-bebes\/\">Continue Lendo<span class=\"screen-reader-text\">O Conforto do Jeans para Beb\u00eas!<\/span><\/a><\/div>\n","protected":false},"author":2,"featured_media":359,"comment_status":"open","ping_status":"open","sticky":false,"template":"","format":"standard","meta":{"_acf_changed":false,"footnotes":""},"categories":[3],"tags":[],"class_list":["post-357","post","type-post","status-publish","format-standard","has-post-thumbnail","hentry","category-bracket","entry"],"acf":[],"_links":{"self":[{"href":"http:\/\/bracketjeans.com.br\/blog\/wp-json\/wp\/v2\/posts\/357","targetHints":{"allow":["GET"]}}],"collection":[{"href":"http:\/\/bracketjeans.com.br\/blog\/wp-json\/wp\/v2\/posts"}],"about":[{"href":"http:\/\/bracketjeans.com.br\/blog\/wp-json\/wp\/v2\/types\/post"}],"author":[{"embeddable":true,"href":"http:\/\/bracketjeans.com.br\/blog\/wp-json\/wp\/v2\/users\/2"}],"replies":[{"embeddable":true,"href":"http:\/\/bracketjeans.com.br\/blog\/wp-json\/wp\/v2\/comments?post=357"}],"version-history":[{"count":1,"href":"http:\/\/bracketjeans.com.br\/blog\/wp-json\/wp\/v2\/posts\/357\/revisions"}],"predecessor-version":[{"id":358,"href":"http:\/\/bracketjeans.com.br\/blog\/wp-json\/wp\/v2\/posts\/357\/revisions\/358"}],"wp:featuredmedia":[{"embeddable":true,"href":"http:\/\/bracketjeans.com.br\/blog\/wp-json\/wp\/v2\/media\/359"}],"wp:attachment":[{"href":"http:\/\/bracketjeans.com.br\/blog\/wp-json\/wp\/v2\/media?parent=357"}],"wp:term":[{"taxonomy":"category","embeddable":true,"href":"http:\/\/bracketjeans.com.br\/blog\/wp-json\/wp\/v2\/categories?post=357"},{"taxonomy":"post_tag","embeddable":true,"href":"http:\/\/bracketjeans.com.br\/blog\/wp-json\/wp\/v2\/tags?post=357"}],"curies":[{"name":"wp","href":"https:\/\/api.w.org\/{rel}","templated":true}]}}