{"id":299,"date":"2022-08-11T12:07:35","date_gmt":"2022-08-11T15:07:35","guid":{"rendered":"http:\/\/bracketjeans.com.br\/blog\/?p=299"},"modified":"2022-08-11T12:10:06","modified_gmt":"2022-08-11T15:10:06","slug":"o-que-e-coloracao-pessoal","status":"publish","type":"post","link":"http:\/\/bracketjeans.com.br\/blog\/o-que-e-coloracao-pessoal\/","title":{"rendered":"O que \u00e9 colora\u00e7\u00e3o pessoal?"},"content":{"rendered":"<p><span style=\"font-weight: 400;\">A t\u00e9cnica em destaque no mundo da moda \u00e9 a <\/span><b>colora\u00e7\u00e3o pessoal.<\/b><span style=\"font-weight: 400;\"> Nela, estudos visuais s\u00e3o feitos nas pessoas considerando suas caracter\u00edsticas individuais e definindo quais s\u00e3o os tons de cor que mais harmonizam e equilibram com a pele, cor dos olhos, cabelos, entre outras caracter\u00edsticas.<\/span><\/p>\n<p><span style=\"font-weight: 400;\">Isso \u00e9 feito com ajuda da cartela de cores, e, no geral, existe uma ideal para cada pessoa. Os profissionais que fazem esse tipo de servi\u00e7o s\u00e3o chamados de consultores de imagem ou personal stylist.\u00a0<\/span><\/p>\n<p><span style=\"font-weight: 400;\">Eles fazem uma an\u00e1lise de todos esses aspectos da pessoa e definem qual a paleta de cores que mais deu certo e combinou com esses aspectos. A equipe da Bracket Jeans preparou este <\/span><a href=\"https:\/\/bracketjeans.com.br\/blog\/\"><span style=\"font-weight: 400;\">artigo<\/span><\/a><span style=\"font-weight: 400;\"> para explicar mais sobre o assunto! Confira!<\/span><\/p>\n<h2><b>Colora\u00e7\u00e3o pessoal d\u00e1 certo?<\/b><\/h2>\n<p><span style=\"font-weight: 400;\">Sim, a colora\u00e7\u00e3o pessoal d\u00e1 certo. O estudo desta t\u00e9cnica ganhou relev\u00e2ncia nos anos de 1920, mas foi em 1940 que a colora\u00e7\u00e3o teve ainda mais destaque. Muitas pessoas da \u00e1rea contribu\u00edram para o aperfei\u00e7oamento da t\u00e9cnica, auxiliando a todos\u00a0 a entender quais cores e tons mais harmonizam com suas caracter\u00edsticas.<\/span><\/p>\n<p><span style=\"font-weight: 400;\">O processo exige aten\u00e7\u00e3o e profissionais qualificados para realiz\u00e1-lo, inclusive, a pessoa que ser\u00e1 analisada dever\u00e1 estar sem maquiagem e sem acess\u00f3rios. Uma faixa neutra \u00e9 usada para isolar os cabelos e, com aux\u00edlio da luz natural, a colora\u00e7\u00e3o pessoal \u00e9 iniciada.<\/span><\/p>\n<h2><b>Por que fazer colora\u00e7\u00e3o pessoal?<\/b><\/h2>\n<p><span style=\"font-weight: 400;\">Existem temperaturas de cor frias, quentes e neutras, com profundidade escura, m\u00e9dia ou clara e tamb\u00e9m intensidade, divida em opaca, brilhante ou m\u00e9dia. Inclusive, o contraste pode ser baixo, m\u00e9dio ou alto. As diferen\u00e7as s\u00e3o muitas e o estudo das cores \u00e9 imenso!<\/span><\/p>\n<p><span style=\"font-weight: 400;\">Quando uma pessoa descobre qual \u00e9 a cartela de cores que mais orna com suas caracter\u00edsticas naturais, ela consegue ser mais assertiva na <\/span><a href=\"https:\/\/bracketjeans.com.br\/blog\/como-combinar-look-infantil\/\"><span style=\"font-weight: 400;\">escolha dos looks<\/span><\/a><span style=\"font-weight: 400;\"> e dos acess\u00f3rios. Fazer colora\u00e7\u00e3o pessoal facilita na hora das compras de roupa e diminui riscos de compras erradas, ajudando na assertividade, na economia de tempo, dinheiro e no aumento da agilidade na montagem dos looks.<\/span><\/p>\n<h2><b>Conhe\u00e7a as cores da Bracket Jeans!<\/b><\/h2>\n<p><span style=\"font-weight: 400;\">A <\/span><a href=\"https:\/\/bracketjeans.com.br\/\"><span style=\"font-weight: 400;\">Bracket Jeans<\/span><\/a><span style=\"font-weight: 400;\"> \u00e9 uma loja que valoriza os diversos tons de roupas. As crian\u00e7as, quando descobrem o que gostam, nos mostram que est\u00e3o em fase de constru\u00e7\u00e3o de identidade e personalidade. Isso \u00e9 bom e deve ser incentivado pelos pais e respons\u00e1veis. Acesse o nosso site para conhecer nossas pe\u00e7as e aproveite!<\/span><\/p>\n","protected":false},"excerpt":{"rendered":"<p>A t\u00e9cnica em destaque no mundo da moda \u00e9 a colora\u00e7\u00e3o pessoal. Nela, estudos visuais s\u00e3o feitos nas pessoas considerando suas caracter\u00edsticas individuais e definindo&#8230;<\/p>\n<div class=\"more-link-wrapper\"><a class=\"more-link\" href=\"http:\/\/bracketjeans.com.br\/blog\/o-que-e-coloracao-pessoal\/\">Continue Lendo<span class=\"screen-reader-text\">O que \u00e9 colora\u00e7\u00e3o pessoal?<\/span><\/a><\/div>\n","protected":false},"author":2,"featured_media":300,"comment_status":"open","ping_status":"open","sticky":false,"template":"","format":"standard","meta":{"_acf_changed":false,"footnotes":""},"categories":[1],"tags":[],"class_list":["post-299","post","type-post","status-publish","format-standard","has-post-thumbnail","hentry","category-sem-categoria","entry"],"acf":[],"_links":{"self":[{"href":"http:\/\/bracketjeans.com.br\/blog\/wp-json\/wp\/v2\/posts\/299","targetHints":{"allow":["GET"]}}],"collection":[{"href":"http:\/\/bracketjeans.com.br\/blog\/wp-json\/wp\/v2\/posts"}],"about":[{"href":"http:\/\/bracketjeans.com.br\/blog\/wp-json\/wp\/v2\/types\/post"}],"author":[{"embeddable":true,"href":"http:\/\/bracketjeans.com.br\/blog\/wp-json\/wp\/v2\/users\/2"}],"replies":[{"embeddable":true,"href":"http:\/\/bracketjeans.com.br\/blog\/wp-json\/wp\/v2\/comments?post=299"}],"version-history":[{"count":3,"href":"http:\/\/bracketjeans.com.br\/blog\/wp-json\/wp\/v2\/posts\/299\/revisions"}],"predecessor-version":[{"id":304,"href":"http:\/\/bracketjeans.com.br\/blog\/wp-json\/wp\/v2\/posts\/299\/revisions\/304"}],"wp:featuredmedia":[{"embeddable":true,"href":"http:\/\/bracketjeans.com.br\/blog\/wp-json\/wp\/v2\/media\/300"}],"wp:attachment":[{"href":"http:\/\/bracketjeans.com.br\/blog\/wp-json\/wp\/v2\/media?parent=299"}],"wp:term":[{"taxonomy":"category","embeddable":true,"href":"http:\/\/bracketjeans.com.br\/blog\/wp-json\/wp\/v2\/categories?post=299"},{"taxonomy":"post_tag","embeddable":true,"href":"http:\/\/bracketjeans.com.br\/blog\/wp-json\/wp\/v2\/tags?post=299"}],"curies":[{"name":"wp","href":"https:\/\/api.w.org\/{rel}","templated":true}]}}